{"id":1142,"date":"2025-10-08T01:58:11","date_gmt":"2025-10-07T23:58:11","guid":{"rendered":"https:\/\/richter.ceo\/jana\/?p=1142"},"modified":"2026-01-10T21:33:42","modified_gmt":"2026-01-10T20:33:42","slug":"pozor-na-to-co-si-prejes","status":"publish","type":"post","link":"https:\/\/richter.ceo\/jana\/pozor-na-to-co-si-prejes\/","title":{"rendered":"Pozor na to, co si p\u0159eje\u0161"},"content":{"rendered":"\n<p><em>YOGA O\u00c1ZA \/ PLAC ONE aneb pozor na to, co si p\u0159eje\u0161 \ud83d\ude42<\/em><\/p>\n\n\n\n<p>B\u011bhem \u017eivota se ocit\u00e1me v mnoha etap\u00e1ch a \u017eivotn\u00edch myln\u00edc\u00edch. J\u00e1 jich pro\u017eila u\u017e mnoho. Tak t\u0159eba, kdy\u017e jsem p\u0159ed 25 lety pracovala a u\u010dila sport v Praze pro 60 a v\u00edce lid\u00ed na jedn\u00e9 lekci, snila jsem o mal\u00e9m studiu pro 10-15 lid\u00ed \u2013 tou\u017eila jsem po v\u00edce indiviu\u00e1ln\u00edm p\u0159\u00edstupu, kde se budeme v\u0161ichni zn\u00e1t. A ejhle \u2013 o 10 let pozd\u011bji jsem se ocitla zp\u00e1tky v Mikulov\u011b, zalo\u017eila mal\u00e9 studio YogaO\u00e1za, kde se sch\u00e1z\u00edme, pov\u00edd\u00e1me, podporujeme a prohlubujeme lidsk\u00e9 \u017eivoty.<br><br>D\u00edky Bohu ke mn\u011b za\u010dali postupn\u011b chodit i jin\u00ed lekto\u0159i z jin\u00fdch sportovn\u00edch obor\u016f, kte\u0159\u00ed takt\u00e9\u017e hledali prostory pro cvi\u010den\u00ed. A tady jsme narazili na k\u00e1men \u2013 na\u0161e studio nebylo multifuk\u010dn\u00ed, nemohlo uspokojit pot\u0159eby jin\u00fdch lektor\u016f a terapeut\u016f pro prostorov\u00e9 aktivity. Jednodu\u0161\u0161e bylo mal\u00e9. Nem\u011bli jsme ale pen\u00edze ani jin\u00e9 mo\u017enosti to zv\u011bt\u0161it. Co zb\u00fdv\u00e1? Jen si p\u0159\u00e1t, sn\u00edt si, v hlavn\u011b si kreslit nov\u00fd multifukn\u010dn\u00ed cvi\u010debn\u00ed s\u00e1l\u2026<br><br>N\u011bco mezi nebem a zem\u00ed ur\u010dit\u011b existuje, proto\u017ee se sny za\u010daly zhmot\u0148ovat a nab\u00edrat jasn\u00e9 rysy. N\u011bco ve vesm\u00edru se pohlo a my dostali p\u0159\u00edle\u017eitost do toho \u0161l\u00e1pnout. I s velk\u00fdmi obavami, jestli to zvl\u00e1dneme, v\u0161e za\u010dalo zapadat jako puzzle \u2013 vznikl nov\u00fd projekt, nov\u00e9 m\u00edsto, nov\u00ed lid\u00e9, nov\u00e1 \u0161\u0165\u00e1va, nov\u00fd drive\u2026<\/p>\n\n\n<div class=\"wp-block-image\">\n<figure class=\"aligncenter size-full is-resized\"><a href=\"https:\/\/www.richter.ceo\/placone\" target=\"_blank\" rel=\" noreferrer noopener\"><img loading=\"lazy\" decoding=\"async\" width=\"512\" height=\"512\" src=\"https:\/\/richter.ceo\/jana\/wp-content\/uploads\/sites\/9\/2025\/10\/logo-PLACE.ONE-square-colour.webp\" alt=\"\" class=\"wp-image-1148\" style=\"width:186px;height:auto\" srcset=\"https:\/\/richter.ceo\/jana\/wp-content\/uploads\/sites\/9\/2025\/10\/logo-PLACE.ONE-square-colour.webp 512w, https:\/\/richter.ceo\/jana\/wp-content\/uploads\/sites\/9\/2025\/10\/logo-PLACE.ONE-square-colour-300x300.webp 300w, https:\/\/richter.ceo\/jana\/wp-content\/uploads\/sites\/9\/2025\/10\/logo-PLACE.ONE-square-colour-150x150.webp 150w, https:\/\/richter.ceo\/jana\/wp-content\/uploads\/sites\/9\/2025\/10\/logo-PLACE.ONE-square-colour-12x12.webp 12w\" sizes=\"auto, (max-width: 512px) 100vw, 512px\" \/><\/a><\/figure><\/div>\n\n\n<p><br>A tak vznikl spolek, rodina a \u010dlenstv\u00ed RICHTER.ceo, kde jsme spojili v\u0161ichni sv\u00e9 s\u00edly, obory, um\u2026 a postavili cvi\u010debn\u00ed s\u00e1l <strong><a href=\"https:\/\/www.richter.ceo\/placone\" target=\"_blank\" rel=\"noreferrer noopener\">plac.one<\/a><\/strong> s kr\u00e1sn\u00fdm z\u00e1zem\u00edm a luxusn\u00edm prost\u0159ed\u00edm. S\u00e1l, kter\u00fd nen\u00ed ani v Mikulov\u011b ani \u0161iroko daleko v okol\u00ed. Zrcadlov\u00fd, modern\u00ed, vybaven\u00fd, vo\u0148av\u00fd \u2013 uvid\u00edte sami \ud83d\ude42<br>\u010cek\u00e1 na m\u011b a lektory styl\u016f body and mind \u2013 j\u00f3ga, pilates, zdravotn\u00ed cvi\u010den\u00ed, sm-syst\u00e9m, ale i tane\u010dn\u00ed kurzy, setk\u00e1v\u00e1n\u00ed p\u0159\u00e1tel, p\u0159edn\u00e1\u0161ky, besedy, prodejn\u00ed trhy i konferen\u010dn\u00ed z\u00e1le\u017eitosti.<br><br><strong>Co z toho cel\u00e9ho vypl\u00fdv\u00e1?<br><\/strong><br>Pozor na to, co si p\u0159eje\u0161 \ud83d\ude42 Vy\u0161\u0161\u00ed s\u00edly jsou vynal\u00e9zav\u00e9 a donesou Ti p\u0159esn\u011b to, co m\u00e1\u0161 v hlav\u011b.<br>Jsi p\u0159ipraven dostat, o\u010d jsi \u017e\u00e1dal? A kdy\u017e to dostane\u0161, bude\u0161 um\u011bt s t\u00edm nalo\u017eit?<br><br><strong>Sv\u016fj \u017eivot m\u00e1me ve sv\u00fdch rukou \ud83d\ude42<\/strong><\/p>\n","protected":false},"excerpt":{"rendered":"<p>YOGA O\u00c1ZA \/ PLAC ONE aneb pozor na to, co si p\u0159eje\u0161 \ud83d\ude42 B\u011bhem \u017eivota se ocit\u00e1me v mnoha etap\u00e1ch a \u017eivotn\u00edch myln\u00edc\u00edch. J\u00e1 jich pro\u017eila u\u017e mnoho. Tak t\u0159eba, kdy\u017e jsem p\u0159ed 25 lety pracovala a u\u010dila sport v Praze pro 60 a v\u00edce lid\u00ed na jedn\u00e9 lekci, snila jsem o mal\u00e9m studiu pro [&hellip;]<\/p>\n","protected":false},"author":4,"featured_media":1143,"comment_status":"closed","ping_status":"closed","sticky":false,"template":"","format":"standard","meta":{"_acf_changed":false,"footnotes":""},"categories":[4],"tags":[],"hf_cat_post":[11],"class_list":["post-1142","post","type-post","status-publish","format-standard","has-post-thumbnail","hentry","category-informace"],"acf":[],"_links":{"self":[{"href":"https:\/\/richter.ceo\/jana\/wp-json\/wp\/v2\/posts\/1142","targetHints":{"allow":["GET"]}}],"collection":[{"href":"https:\/\/richter.ceo\/jana\/wp-json\/wp\/v2\/posts"}],"about":[{"href":"https:\/\/richter.ceo\/jana\/wp-json\/wp\/v2\/types\/post"}],"author":[{"embeddable":true,"href":"https:\/\/richter.ceo\/jana\/wp-json\/wp\/v2\/users\/4"}],"replies":[{"embeddable":true,"href":"https:\/\/richter.ceo\/jana\/wp-json\/wp\/v2\/comments?post=1142"}],"version-history":[{"count":6,"href":"https:\/\/richter.ceo\/jana\/wp-json\/wp\/v2\/posts\/1142\/revisions"}],"predecessor-version":[{"id":1153,"href":"https:\/\/richter.ceo\/jana\/wp-json\/wp\/v2\/posts\/1142\/revisions\/1153"}],"wp:featuredmedia":[{"embeddable":true,"href":"https:\/\/richter.ceo\/jana\/wp-json\/wp\/v2\/media\/1143"}],"wp:attachment":[{"href":"https:\/\/richter.ceo\/jana\/wp-json\/wp\/v2\/media?parent=1142"}],"wp:term":[{"taxonomy":"category","embeddable":true,"href":"https:\/\/richter.ceo\/jana\/wp-json\/wp\/v2\/categories?post=1142"},{"taxonomy":"post_tag","embeddable":true,"href":"https:\/\/richter.ceo\/jana\/wp-json\/wp\/v2\/tags?post=1142"},{"taxonomy":"hf_cat_post","embeddable":true,"href":"https:\/\/richter.ceo\/jana\/wp-json\/wp\/v2\/hf_cat_post?post=1142"}],"curies":[{"name":"wp","href":"https:\/\/api.w.org\/{rel}","templated":true}]}}