{"id":992,"date":"2025-06-04T18:47:41","date_gmt":"2025-06-04T16:47:41","guid":{"rendered":"https:\/\/richter.ceo\/jana\/?p=992"},"modified":"2025-06-05T23:34:57","modified_gmt":"2025-06-05T21:34:57","slug":"s-krasou-mikulova-a-okoli","status":"publish","type":"post","link":"https:\/\/richter.ceo\/jana\/s-krasou-mikulova-a-okoli\/","title":{"rendered":"S kr\u00e1sou Mikulova a okol\u00ed"},"content":{"rendered":"\n<p><em>P\u00e1lava a zejm\u00e9na Sv. kope\u010dek opl\u00fdv\u00e1 jedine\u010dnou energi\u00ed. J\u00f3ga znamen\u00e1 pr\u00e1ci s\u00a0energi\u00ed. Mikulov je pro j\u00f3gu jako stvo\u0159en\u00fd.<\/em><\/p>\n\n\n\n<p>Kde\u017ee se Mikulov nach\u00e1z\u00ed? Je to vesnice nebo m\u011bsto? D\u00e1vaj\u00ed zde li\u0161ky dobrou noc? Mikulov je perla ji\u017en\u00ed Moravy, nebo dokonce perla cel\u00e9 Moravy.<\/p>\n\n\n\n<p>N\u00e1dhern\u00e1 z\u00e1kout\u00ed historick\u00e9ho centra, z\u00e1mek, Koz\u00ed hr\u00e1dek, v\u00e1pencov\u00e9 podlo\u017e\u00ed, zatopen\u00fd lom, nedalek\u00e1 P\u00e1lava, Ditrichsteinsk\u00e1 hrobka, to jsou jen mal\u00e9 st\u0159\u00edpky v mozaice tohoto n\u00e1dhern\u00e9ho kraje. Nad t\u00edm v\u0161\u00edm ti\u0161e bd\u00ed Svat\u00fd kope\u010dek s \u0161iroko daleko viditelnou b\u00edlou kapl\u00ed sv. \u0160ebesti\u00e1na.<\/p>\n\n\n\n<p>Kulturn\u00ed a sportovn\u00ed z\u00e1zem\u00ed poskytuj\u00edc\u00ed samotn\u00fd Mikulov a jeho okol\u00ed, je ji\u017e zn\u00e1m\u00e9 po cel\u00e9m sv\u011bt\u011b. Galerie, vinot\u00e9ky, akce typu P\u00e1lavsk\u00e9 vinobran\u00ed, dokonal\u00e1 gastronomie, okol\u00ed protkan\u00e9 s\u00edt\u00ed cyklostezek anebo nedalek\u00e1 p\u0159\u00edtomnost P\u00e1lavsk\u00fdch vrch\u016f spole\u010dn\u011b s Mu\u0161ovsk\u00fdmi jezery, nab\u00e1daj\u00ed k tajupln\u00fdm proch\u00e1zk\u00e1m a k zamy\u0161len\u00ed v n\u011bkter\u00e9m ze stylov\u00fdch vinn\u00fdch skl\u00edpk\u016f. Propadn\u011bte v\u0159el\u00e9mu a vrouc\u00edmu ji\u017en\u00edmu stylu zdej\u0161\u00edho podneb\u00ed!<\/p>\n\n\n\n<p>Nejen v\u00ednem a z\u00e1\u017eitky z Ji\u017en\u00ed Moravy je \u017eiv \u010dlov\u011bk. Strategick\u00e1 poloha Mikulova zaji\u0161\u0165uje jednoduchou dostupnost do Prahy, Brna, Ostravy, na mezin\u00e1rodn\u00ed leti\u0161t\u011b do V\u00eddn\u011b, na ly\u017eov\u00e1n\u00ed do Alp, na Slovensko, do Ma\u010farska, p\u0159\u00edpadn\u011b sm\u011br Jadersk\u00e9 mo\u0159e. V bl\u00edzk\u00e9m okol\u00ed najdete i nejv\u011bt\u0161\u00ed aquapark v \u010cR Aqualand Moravia, nebo ji\u017e zm\u00edn\u011bnou P\u00e1lavu a Mu\u0161ovsk\u00e1 jezera. Okol\u00ed nab\u00edz\u00ed koup\u00e1n\u00ed, windsurfing, vodn\u00ed ly\u017ee, ryba\u0159en\u00ed, paddleboarding, \u0161lapadla, parn\u00edk, v\u00fdlety na kolech. A mnoho, mnoho dal\u0161\u00edho.<\/p>\n\n\n\n<p>To v\u0161e a je\u0161t\u011b v\u00edce obs\u00e1hne Mikulov a okol\u00ed. Mikulov je prost\u011b TOP!<\/p>\n\n\n\n<p><\/p>\n","protected":false},"excerpt":{"rendered":"<p>P\u00e1lava a zejm\u00e9na Sv. kope\u010dek opl\u00fdv\u00e1 jedine\u010dnou energi\u00ed. J\u00f3ga znamen\u00e1 pr\u00e1ci s\u00a0energi\u00ed. Mikulov je pro j\u00f3gu jako stvo\u0159en\u00fd. Kde\u017ee se Mikulov nach\u00e1z\u00ed? Je to vesnice nebo m\u011bsto? D\u00e1vaj\u00ed zde li\u0161ky dobrou noc? Mikulov je perla ji\u017en\u00ed Moravy, nebo dokonce perla cel\u00e9 Moravy. N\u00e1dhern\u00e1 z\u00e1kout\u00ed historick\u00e9ho centra, z\u00e1mek, Koz\u00ed hr\u00e1dek, v\u00e1pencov\u00e9 podlo\u017e\u00ed, zatopen\u00fd lom, nedalek\u00e1 P\u00e1lava, [&hellip;]<\/p>\n","protected":false},"author":4,"featured_media":994,"comment_status":"closed","ping_status":"","sticky":false,"template":"","format":"standard","meta":{"_acf_changed":false,"footnotes":""},"categories":[4],"tags":[],"hf_cat_post":[11],"class_list":["post-992","post","type-post","status-publish","format-standard","has-post-thumbnail","hentry","category-informace"],"acf":[],"_links":{"self":[{"href":"https:\/\/richter.ceo\/jana\/wp-json\/wp\/v2\/posts\/992","targetHints":{"allow":["GET"]}}],"collection":[{"href":"https:\/\/richter.ceo\/jana\/wp-json\/wp\/v2\/posts"}],"about":[{"href":"https:\/\/richter.ceo\/jana\/wp-json\/wp\/v2\/types\/post"}],"author":[{"embeddable":true,"href":"https:\/\/richter.ceo\/jana\/wp-json\/wp\/v2\/users\/4"}],"replies":[{"embeddable":true,"href":"https:\/\/richter.ceo\/jana\/wp-json\/wp\/v2\/comments?post=992"}],"version-history":[{"count":3,"href":"https:\/\/richter.ceo\/jana\/wp-json\/wp\/v2\/posts\/992\/revisions"}],"predecessor-version":[{"id":996,"href":"https:\/\/richter.ceo\/jana\/wp-json\/wp\/v2\/posts\/992\/revisions\/996"}],"wp:featuredmedia":[{"embeddable":true,"href":"https:\/\/richter.ceo\/jana\/wp-json\/wp\/v2\/media\/994"}],"wp:attachment":[{"href":"https:\/\/richter.ceo\/jana\/wp-json\/wp\/v2\/media?parent=992"}],"wp:term":[{"taxonomy":"category","embeddable":true,"href":"https:\/\/richter.ceo\/jana\/wp-json\/wp\/v2\/categories?post=992"},{"taxonomy":"post_tag","embeddable":true,"href":"https:\/\/richter.ceo\/jana\/wp-json\/wp\/v2\/tags?post=992"},{"taxonomy":"hf_cat_post","embeddable":true,"href":"https:\/\/richter.ceo\/jana\/wp-json\/wp\/v2\/hf_cat_post?post=992"}],"curies":[{"name":"wp","href":"https:\/\/api.w.org\/{rel}","templated":true}]}}