{"id":942,"date":"2025-11-07T15:37:23","date_gmt":"2025-11-07T14:37:23","guid":{"rendered":"https:\/\/richter.ceo\/rezavy\/?p=942"},"modified":"2025-11-07T15:54:36","modified_gmt":"2025-11-07T14:54:36","slug":"pod-parou-na-netflixu","status":"publish","type":"post","link":"https:\/\/richter.ceo\/rezavy\/en\/pod-parou-na-netflixu\/","title":{"rendered":"UNDER STEAM on NETFLIX"},"content":{"rendered":"<p>From 7 November 2025, the new Czech film UNDER STEAM is available to watch on NETFLIX. Just a reminder that the film crew and actors shot the footage for the new Czech film by director Rudolf Biermann and cinematographer Martin \u0160trba in our apartment REZAV\u00dd in Mikulov.<\/p>\n\n\n\n<p>More about the film \u201cUnder the Steam\u201d can be found at <strong><a href=\"http:\/\/www.filmpodparou.com\" target=\"_blank\" rel=\"noreferrer noopener\">www.filmpodparou.com<\/a><\/strong><\/p>\n\n\n\n<figure class=\"wp-block-image size-large\"><img loading=\"lazy\" decoding=\"async\" width=\"1024\" height=\"683\" src=\"http:\/\/richter.ceo\/rezavy\/wp-content\/uploads\/sites\/3\/2025\/11\/featured-1024x683.webp\" alt=\"\u010cesk\u00fd film POD PAROU\" class=\"wp-image-946\" srcset=\"https:\/\/richter.ceo\/rezavy\/wp-content\/uploads\/sites\/3\/2025\/11\/featured-1024x683.webp 1024w, https:\/\/richter.ceo\/rezavy\/wp-content\/uploads\/sites\/3\/2025\/11\/featured-300x200.webp 300w, https:\/\/richter.ceo\/rezavy\/wp-content\/uploads\/sites\/3\/2025\/11\/featured-768x512.webp 768w, https:\/\/richter.ceo\/rezavy\/wp-content\/uploads\/sites\/3\/2025\/11\/featured-1536x1024.webp 1536w, https:\/\/richter.ceo\/rezavy\/wp-content\/uploads\/sites\/3\/2025\/11\/featured-18x12.webp 18w, https:\/\/richter.ceo\/rezavy\/wp-content\/uploads\/sites\/3\/2025\/11\/featured.webp 1920w\" sizes=\"auto, (max-width: 1024px) 100vw, 1024px\" \/><\/figure>\n\n\n\n<figure class=\"wp-block-image size-large\"><img loading=\"lazy\" decoding=\"async\" width=\"1024\" height=\"683\" src=\"http:\/\/richter.ceo\/rezavy\/wp-content\/uploads\/sites\/3\/2025\/04\/04-05-1024x683.webp\" alt=\"nat\u00e1\u010den\u00ed filmu &quot;Pod parou&quot;\" class=\"wp-image-74\" srcset=\"https:\/\/richter.ceo\/rezavy\/wp-content\/uploads\/sites\/3\/2025\/04\/04-05-1024x683.webp 1024w, https:\/\/richter.ceo\/rezavy\/wp-content\/uploads\/sites\/3\/2025\/04\/04-05-300x200.webp 300w, https:\/\/richter.ceo\/rezavy\/wp-content\/uploads\/sites\/3\/2025\/04\/04-05-768x512.webp 768w, https:\/\/richter.ceo\/rezavy\/wp-content\/uploads\/sites\/3\/2025\/04\/04-05-1536x1024.webp 1536w, https:\/\/richter.ceo\/rezavy\/wp-content\/uploads\/sites\/3\/2025\/04\/04-05.webp 1920w\" sizes=\"auto, (max-width: 1024px) 100vw, 1024px\" \/><\/figure>\n\n\n\n<figure class=\"wp-block-image size-large\"><img loading=\"lazy\" decoding=\"async\" width=\"1024\" height=\"683\" src=\"http:\/\/richter.ceo\/rezavy\/wp-content\/uploads\/sites\/3\/2025\/04\/04-03-1024x683.webp\" alt=\"nat\u00e1\u010den\u00ed filmu &quot;Pod parou&quot;\" class=\"wp-image-72\" srcset=\"https:\/\/richter.ceo\/rezavy\/wp-content\/uploads\/sites\/3\/2025\/04\/04-03-1024x683.webp 1024w, https:\/\/richter.ceo\/rezavy\/wp-content\/uploads\/sites\/3\/2025\/04\/04-03-300x200.webp 300w, https:\/\/richter.ceo\/rezavy\/wp-content\/uploads\/sites\/3\/2025\/04\/04-03-768x512.webp 768w, https:\/\/richter.ceo\/rezavy\/wp-content\/uploads\/sites\/3\/2025\/04\/04-03-1536x1024.webp 1536w, https:\/\/richter.ceo\/rezavy\/wp-content\/uploads\/sites\/3\/2025\/04\/04-03.webp 1920w\" sizes=\"auto, (max-width: 1024px) 100vw, 1024px\" \/><\/figure>","protected":false},"excerpt":{"rendered":"<p>From 7 November 2025, the new Czech film \u201cPOD PAROU\u201d (Under Steam) will be available on the NETFLIX platform. We would just like to remind you that the film crew and actors filmed scenes for the new Czech film, directed by Rudolf Biermann and shot by cinematographer Martin \u0160trba, in our REZAV\u00dd apartment in Mikulov. More about the film \"Pod parou\" can be found at www.filmpodparou.com<\/p>","protected":false},"author":2,"featured_media":945,"comment_status":"closed","ping_status":"closed","sticky":false,"template":"","format":"standard","meta":{"_acf_changed":false,"footnotes":""},"categories":[2],"tags":[],"hf_cat_post":[],"class_list":["post-942","post","type-post","status-publish","format-standard","has-post-thumbnail","hentry","category-informace"],"acf":[],"yoast_head":"<!-- This site is optimized with the Yoast SEO plugin v27.5 - https:\/\/yoast.com\/product\/yoast-seo-wordpress\/ -->\n<title>POD PAROU na NETFLIXu<\/title>\n<meta name=\"description\" content=\"Od 7. listopadu 2025 je nov\u00fd \u010desk\u00fd film POD PAROU ke shl\u00e9dnut\u00ed na platform\u011b NETFLIX. Jen p\u0159ipom\u00edn\u00e1me, \u017ee se film nat\u00e1\u010del v penzionu REZAV\u00dd!\" \/>\n<meta name=\"robots\" content=\"index, follow, max-snippet:-1, max-image-preview:large, max-video-preview:-1\" \/>\n<link rel=\"canonical\" href=\"https:\/\/richter.ceo\/rezavy\/en\/pod-parou-na-netflixu\/\" \/>\n<meta property=\"og:locale\" content=\"en_GB\" \/>\n<meta property=\"og:type\" content=\"article\" \/>\n<meta property=\"og:title\" content=\"POD PAROU na NETFLIXu\" \/>\n<meta property=\"og:description\" content=\"Od 7. listopadu 2025 je nov\u00fd \u010desk\u00fd film POD PAROU ke shl\u00e9dnut\u00ed na platform\u011b NETFLIX. Jen p\u0159ipom\u00edn\u00e1me, \u017ee se film nat\u00e1\u010del v penzionu REZAV\u00dd!\" \/>\n<meta property=\"og:url\" content=\"https:\/\/richter.ceo\/rezavy\/en\/pod-parou-na-netflixu\/\" \/>\n<meta property=\"og:site_name\" content=\"REZAVY\" \/>\n<meta property=\"article:publisher\" content=\"https:\/\/www.facebook.com\/profile.php?id=61551241254984\" \/>\n<meta property=\"article:published_time\" content=\"2025-11-07T14:37:23+00:00\" \/>\n<meta property=\"article:modified_time\" content=\"2025-11-07T14:54:36+00:00\" \/>\n<meta property=\"og:image\" content=\"http:\/\/richter.ceo\/rezavy\/wp-content\/uploads\/sites\/3\/2025\/11\/01.webp\" \/>\n\t<meta property=\"og:image:width\" content=\"1920\" \/>\n\t<meta property=\"og:image:height\" content=\"1280\" \/>\n\t<meta property=\"og:image:type\" content=\"image\/webp\" \/>\n<meta name=\"author\" content=\"REZAVY\" \/>\n<meta name=\"twitter:card\" content=\"summary_large_image\" \/>\n<meta name=\"twitter:label1\" content=\"Written by\" \/>\n\t<meta name=\"twitter:data1\" content=\"REZAVY\" \/>\n\t<meta name=\"twitter:label2\" content=\"Estimated reading time\" \/>\n\t<meta name=\"twitter:data2\" content=\"2 minutes\" \/>\n<script type=\"application\/ld+json\" class=\"yoast-schema-graph\">{\"@context\":\"https:\\\/\\\/schema.org\",\"@graph\":[{\"@type\":\"Article\",\"@id\":\"https:\\\/\\\/richter.ceo\\\/rezavy\\\/pod-parou-na-netflixu\\\/#article\",\"isPartOf\":{\"@id\":\"https:\\\/\\\/richter.ceo\\\/rezavy\\\/pod-parou-na-netflixu\\\/\"},\"author\":{\"name\":\"REZAVY\",\"@id\":\"https:\\\/\\\/richter.ceo\\\/rezavy\\\/#\\\/schema\\\/person\\\/e34c9e3f8f7088e43422c404713847ad\"},\"headline\":\"POD PAROU na NETFLIXu\",\"datePublished\":\"2025-11-07T14:37:23+00:00\",\"dateModified\":\"2025-11-07T14:54:36+00:00\",\"mainEntityOfPage\":{\"@id\":\"https:\\\/\\\/richter.ceo\\\/rezavy\\\/pod-parou-na-netflixu\\\/\"},\"wordCount\":68,\"publisher\":{\"@id\":\"https:\\\/\\\/richter.ceo\\\/rezavy\\\/#organization\"},\"image\":{\"@id\":\"https:\\\/\\\/richter.ceo\\\/rezavy\\\/pod-parou-na-netflixu\\\/#primaryimage\"},\"thumbnailUrl\":\"https:\\\/\\\/richter.ceo\\\/rezavy\\\/wp-content\\\/uploads\\\/sites\\\/3\\\/2025\\\/11\\\/01.webp\",\"articleSection\":[\"Informace\"],\"inLanguage\":\"en-GB\"},{\"@type\":\"WebPage\",\"@id\":\"https:\\\/\\\/richter.ceo\\\/rezavy\\\/pod-parou-na-netflixu\\\/\",\"url\":\"https:\\\/\\\/richter.ceo\\\/rezavy\\\/pod-parou-na-netflixu\\\/\",\"name\":\"POD PAROU na NETFLIXu\",\"isPartOf\":{\"@id\":\"https:\\\/\\\/richter.ceo\\\/rezavy\\\/#website\"},\"primaryImageOfPage\":{\"@id\":\"https:\\\/\\\/richter.ceo\\\/rezavy\\\/pod-parou-na-netflixu\\\/#primaryimage\"},\"image\":{\"@id\":\"https:\\\/\\\/richter.ceo\\\/rezavy\\\/pod-parou-na-netflixu\\\/#primaryimage\"},\"thumbnailUrl\":\"https:\\\/\\\/richter.ceo\\\/rezavy\\\/wp-content\\\/uploads\\\/sites\\\/3\\\/2025\\\/11\\\/01.webp\",\"datePublished\":\"2025-11-07T14:37:23+00:00\",\"dateModified\":\"2025-11-07T14:54:36+00:00\",\"description\":\"Od 7. listopadu 2025 je nov\u00fd \u010desk\u00fd film POD PAROU ke shl\u00e9dnut\u00ed na platform\u011b NETFLIX. Jen p\u0159ipom\u00edn\u00e1me, \u017ee se film nat\u00e1\u010del v penzionu REZAV\u00dd!\",\"breadcrumb\":{\"@id\":\"https:\\\/\\\/richter.ceo\\\/rezavy\\\/pod-parou-na-netflixu\\\/#breadcrumb\"},\"inLanguage\":\"en-GB\",\"potentialAction\":[{\"@type\":\"ReadAction\",\"target\":[\"https:\\\/\\\/richter.ceo\\\/rezavy\\\/pod-parou-na-netflixu\\\/\"]}]},{\"@type\":\"ImageObject\",\"inLanguage\":\"en-GB\",\"@id\":\"https:\\\/\\\/richter.ceo\\\/rezavy\\\/pod-parou-na-netflixu\\\/#primaryimage\",\"url\":\"https:\\\/\\\/richter.ceo\\\/rezavy\\\/wp-content\\\/uploads\\\/sites\\\/3\\\/2025\\\/11\\\/01.webp\",\"contentUrl\":\"https:\\\/\\\/richter.ceo\\\/rezavy\\\/wp-content\\\/uploads\\\/sites\\\/3\\\/2025\\\/11\\\/01.webp\",\"width\":1920,\"height\":1280,\"caption\":\"\u010cesk\u00fd film POD PAROU\"},{\"@type\":\"BreadcrumbList\",\"@id\":\"https:\\\/\\\/richter.ceo\\\/rezavy\\\/pod-parou-na-netflixu\\\/#breadcrumb\",\"itemListElement\":[{\"@type\":\"ListItem\",\"position\":1,\"name\":\"Dom\u016f\",\"item\":\"https:\\\/\\\/richter.ceo\\\/rezavy\\\/\"},{\"@type\":\"ListItem\",\"position\":2,\"name\":\"POD PAROU na NETFLIXu\"}]},{\"@type\":\"WebSite\",\"@id\":\"https:\\\/\\\/richter.ceo\\\/rezavy\\\/#website\",\"url\":\"https:\\\/\\\/richter.ceo\\\/rezavy\\\/\",\"name\":\"REZAVY\",\"description\":\"Apartm\u00e1n\",\"publisher\":{\"@id\":\"https:\\\/\\\/richter.ceo\\\/rezavy\\\/#organization\"},\"potentialAction\":[{\"@type\":\"SearchAction\",\"target\":{\"@type\":\"EntryPoint\",\"urlTemplate\":\"https:\\\/\\\/richter.ceo\\\/rezavy\\\/?s={search_term_string}\"},\"query-input\":{\"@type\":\"PropertyValueSpecification\",\"valueRequired\":true,\"valueName\":\"search_term_string\"}}],\"inLanguage\":\"en-GB\"},{\"@type\":\"Organization\",\"@id\":\"https:\\\/\\\/richter.ceo\\\/rezavy\\\/#organization\",\"name\":\"REZAVY\",\"url\":\"https:\\\/\\\/richter.ceo\\\/rezavy\\\/\",\"logo\":{\"@type\":\"ImageObject\",\"inLanguage\":\"en-GB\",\"@id\":\"https:\\\/\\\/richter.ceo\\\/rezavy\\\/#\\\/schema\\\/logo\\\/image\\\/\",\"url\":\"http:\\\/\\\/richter.ceo\\\/rezavy\\\/wp-content\\\/uploads\\\/sites\\\/3\\\/2025\\\/04\\\/FAVICON.webp\",\"contentUrl\":\"http:\\\/\\\/richter.ceo\\\/rezavy\\\/wp-content\\\/uploads\\\/sites\\\/3\\\/2025\\\/04\\\/FAVICON.webp\",\"width\":512,\"height\":512,\"caption\":\"REZAVY\"},\"image\":{\"@id\":\"https:\\\/\\\/richter.ceo\\\/rezavy\\\/#\\\/schema\\\/logo\\\/image\\\/\"},\"sameAs\":[\"https:\\\/\\\/www.facebook.com\\\/profile.php?id=61551241254984\",\"https:\\\/\\\/www.instagram.com\\\/rezavy_apartment\\\/\"]},{\"@type\":\"Person\",\"@id\":\"https:\\\/\\\/richter.ceo\\\/rezavy\\\/#\\\/schema\\\/person\\\/e34c9e3f8f7088e43422c404713847ad\",\"name\":\"REZAVY\",\"sameAs\":[\"https:\\\/\\\/richter.ceo\\\/rezavy\"]}]}<\/script>\n<!-- \/ Yoast SEO plugin. -->","yoast_head_json":{"title":"UNDER STEAM on NETFLIX","description":"Od 7. listopadu 2025 je nov\u00fd \u010desk\u00fd film POD PAROU ke shl\u00e9dnut\u00ed na platform\u011b NETFLIX. Jen p\u0159ipom\u00edn\u00e1me, \u017ee se film nat\u00e1\u010del v penzionu REZAV\u00dd!","robots":{"index":"index","follow":"follow","max-snippet":"max-snippet:-1","max-image-preview":"max-image-preview:large","max-video-preview":"max-video-preview:-1"},"canonical":"https:\/\/richter.ceo\/rezavy\/en\/pod-parou-na-netflixu\/","og_locale":"en_GB","og_type":"article","og_title":"POD PAROU na NETFLIXu","og_description":"Od 7. listopadu 2025 je nov\u00fd \u010desk\u00fd film POD PAROU ke shl\u00e9dnut\u00ed na platform\u011b NETFLIX. Jen p\u0159ipom\u00edn\u00e1me, \u017ee se film nat\u00e1\u010del v penzionu REZAV\u00dd!","og_url":"https:\/\/richter.ceo\/rezavy\/en\/pod-parou-na-netflixu\/","og_site_name":"REZAVY","article_publisher":"https:\/\/www.facebook.com\/profile.php?id=61551241254984","article_published_time":"2025-11-07T14:37:23+00:00","article_modified_time":"2025-11-07T14:54:36+00:00","og_image":[{"width":1920,"height":1280,"url":"http:\/\/richter.ceo\/rezavy\/wp-content\/uploads\/sites\/3\/2025\/11\/01.webp","type":"image\/webp"}],"author":"REZAVY","twitter_card":"summary_large_image","twitter_misc":{"Written by":"REZAVY","Estimated reading time":"2 minutes"},"schema":{"@context":"https:\/\/schema.org","@graph":[{"@type":"Article","@id":"https:\/\/richter.ceo\/rezavy\/pod-parou-na-netflixu\/#article","isPartOf":{"@id":"https:\/\/richter.ceo\/rezavy\/pod-parou-na-netflixu\/"},"author":{"name":"REZAVY","@id":"https:\/\/richter.ceo\/rezavy\/#\/schema\/person\/e34c9e3f8f7088e43422c404713847ad"},"headline":"POD PAROU na NETFLIXu","datePublished":"2025-11-07T14:37:23+00:00","dateModified":"2025-11-07T14:54:36+00:00","mainEntityOfPage":{"@id":"https:\/\/richter.ceo\/rezavy\/pod-parou-na-netflixu\/"},"wordCount":68,"publisher":{"@id":"https:\/\/richter.ceo\/rezavy\/#organization"},"image":{"@id":"https:\/\/richter.ceo\/rezavy\/pod-parou-na-netflixu\/#primaryimage"},"thumbnailUrl":"https:\/\/richter.ceo\/rezavy\/wp-content\/uploads\/sites\/3\/2025\/11\/01.webp","articleSection":["Informace"],"inLanguage":"en-GB"},{"@type":"WebPage","@id":"https:\/\/richter.ceo\/rezavy\/pod-parou-na-netflixu\/","url":"https:\/\/richter.ceo\/rezavy\/pod-parou-na-netflixu\/","name":"UNDER STEAM on NETFLIX","isPartOf":{"@id":"https:\/\/richter.ceo\/rezavy\/#website"},"primaryImageOfPage":{"@id":"https:\/\/richter.ceo\/rezavy\/pod-parou-na-netflixu\/#primaryimage"},"image":{"@id":"https:\/\/richter.ceo\/rezavy\/pod-parou-na-netflixu\/#primaryimage"},"thumbnailUrl":"https:\/\/richter.ceo\/rezavy\/wp-content\/uploads\/sites\/3\/2025\/11\/01.webp","datePublished":"2025-11-07T14:37:23+00:00","dateModified":"2025-11-07T14:54:36+00:00","description":"Od 7. listopadu 2025 je nov\u00fd \u010desk\u00fd film POD PAROU ke shl\u00e9dnut\u00ed na platform\u011b NETFLIX. Jen p\u0159ipom\u00edn\u00e1me, \u017ee se film nat\u00e1\u010del v penzionu REZAV\u00dd!","breadcrumb":{"@id":"https:\/\/richter.ceo\/rezavy\/pod-parou-na-netflixu\/#breadcrumb"},"inLanguage":"en-GB","potentialAction":[{"@type":"ReadAction","target":["https:\/\/richter.ceo\/rezavy\/pod-parou-na-netflixu\/"]}]},{"@type":"ImageObject","inLanguage":"en-GB","@id":"https:\/\/richter.ceo\/rezavy\/pod-parou-na-netflixu\/#primaryimage","url":"https:\/\/richter.ceo\/rezavy\/wp-content\/uploads\/sites\/3\/2025\/11\/01.webp","contentUrl":"https:\/\/richter.ceo\/rezavy\/wp-content\/uploads\/sites\/3\/2025\/11\/01.webp","width":1920,"height":1280,"caption":"\u010cesk\u00fd film POD PAROU"},{"@type":"BreadcrumbList","@id":"https:\/\/richter.ceo\/rezavy\/pod-parou-na-netflixu\/#breadcrumb","itemListElement":[{"@type":"ListItem","position":1,"name":"Dom\u016f","item":"https:\/\/richter.ceo\/rezavy\/"},{"@type":"ListItem","position":2,"name":"POD PAROU na NETFLIXu"}]},{"@type":"WebSite","@id":"https:\/\/richter.ceo\/rezavy\/#website","url":"https:\/\/richter.ceo\/rezavy\/","name":"RESERVATIONS","description":"Apartment","publisher":{"@id":"https:\/\/richter.ceo\/rezavy\/#organization"},"potentialAction":[{"@type":"SearchAction","target":{"@type":"EntryPoint","urlTemplate":"https:\/\/richter.ceo\/rezavy\/?s={search_term_string}"},"query-input":{"@type":"PropertyValueSpecification","valueRequired":true,"valueName":"search_term_string"}}],"inLanguage":"en-GB"},{"@type":"Organization","@id":"https:\/\/richter.ceo\/rezavy\/#organization","name":"RESERVATIONS","url":"https:\/\/richter.ceo\/rezavy\/","logo":{"@type":"ImageObject","inLanguage":"en-GB","@id":"https:\/\/richter.ceo\/rezavy\/#\/schema\/logo\/image\/","url":"http:\/\/richter.ceo\/rezavy\/wp-content\/uploads\/sites\/3\/2025\/04\/FAVICON.webp","contentUrl":"http:\/\/richter.ceo\/rezavy\/wp-content\/uploads\/sites\/3\/2025\/04\/FAVICON.webp","width":512,"height":512,"caption":"REZAVY"},"image":{"@id":"https:\/\/richter.ceo\/rezavy\/#\/schema\/logo\/image\/"},"sameAs":["https:\/\/www.facebook.com\/profile.php?id=61551241254984","https:\/\/www.instagram.com\/rezavy_apartment\/"]},{"@type":"Person","@id":"https:\/\/richter.ceo\/rezavy\/#\/schema\/person\/e34c9e3f8f7088e43422c404713847ad","name":"RESERVATIONS","sameAs":["https:\/\/richter.ceo\/rezavy"]}]}},"_links":{"self":[{"href":"https:\/\/richter.ceo\/rezavy\/en\/wp-json\/wp\/v2\/posts\/942","targetHints":{"allow":["GET"]}}],"collection":[{"href":"https:\/\/richter.ceo\/rezavy\/en\/wp-json\/wp\/v2\/posts"}],"about":[{"href":"https:\/\/richter.ceo\/rezavy\/en\/wp-json\/wp\/v2\/types\/post"}],"author":[{"embeddable":true,"href":"https:\/\/richter.ceo\/rezavy\/en\/wp-json\/wp\/v2\/users\/2"}],"replies":[{"embeddable":true,"href":"https:\/\/richter.ceo\/rezavy\/en\/wp-json\/wp\/v2\/comments?post=942"}],"version-history":[{"count":4,"href":"https:\/\/richter.ceo\/rezavy\/en\/wp-json\/wp\/v2\/posts\/942\/revisions"}],"predecessor-version":[{"id":952,"href":"https:\/\/richter.ceo\/rezavy\/en\/wp-json\/wp\/v2\/posts\/942\/revisions\/952"}],"wp:featuredmedia":[{"embeddable":true,"href":"https:\/\/richter.ceo\/rezavy\/en\/wp-json\/wp\/v2\/media\/945"}],"wp:attachment":[{"href":"https:\/\/richter.ceo\/rezavy\/en\/wp-json\/wp\/v2\/media?parent=942"}],"wp:term":[{"taxonomy":"category","embeddable":true,"href":"https:\/\/richter.ceo\/rezavy\/en\/wp-json\/wp\/v2\/categories?post=942"},{"taxonomy":"post_tag","embeddable":true,"href":"https:\/\/richter.ceo\/rezavy\/en\/wp-json\/wp\/v2\/tags?post=942"},{"taxonomy":"hf_cat_post","embeddable":true,"href":"https:\/\/richter.ceo\/rezavy\/en\/wp-json\/wp\/v2\/hf_cat_post?post=942"}],"curies":[{"name":"wp","href":"https:\/\/api.w.org\/{rel}","templated":true}]}}